{"id":51,"count":0,"description":"A coluna Descomplica trar\u00e1 toda semana temas da economia brasileira e internacional \u00e9 assinada por Rosevaldo Ferreira, que \u00e9 economista, professor da Universidade Estadual de Feira de Santana (UEFS), foi Diretor de Tributos da Prefeitura de Feira de Santana, Coordenador de Projetos do Sudic, Auditor Fiscal, Coordenador Regional da Agerba e Coordenador do Curso de Economia da UEFS.","link":"https:\/\/glomes.com.br\/tnoticias\/categoria\/descomplica","name":"Descomplica","slug":"descomplica","taxonomy":"category","parent":0,"meta":[],"acf":[],"yoast_head":"<!-- This site is optimized with the Yoast SEO plugin v25.8 - https:\/\/yoast.com\/wordpress\/plugins\/seo\/ -->\n<title>Descomplica | TNot\u00edcias - Not\u00edcias de Feira de Santana<\/title>\n<meta name=\"robots\" content=\"index, follow, max-snippet:-1, max-image-preview:large, max-video-preview:-1\" \/>\n<link rel=\"canonical\" href=\"https:\/\/glomes.com.br\/tnoticias\/categoria\/descomplica\/\" \/>\n<meta property=\"og:locale\" content=\"pt_BR\" \/>\n<meta property=\"og:type\" content=\"article\" \/>\n<meta property=\"og:title\" content=\"Descomplica | TNot\u00edcias - Not\u00edcias de Feira de Santana\" \/>\n<meta property=\"og:description\" content=\"A coluna Descomplica trar\u00e1 toda semana temas da economia brasileira e internacional \u00e9 assinada por Rosevaldo Ferreira, que \u00e9 economista, professor da Universidade Estadual de Feira de Santana (UEFS), foi Diretor de Tributos da Prefeitura de Feira de Santana, Coordenador de Projetos do Sudic, Auditor Fiscal, Coordenador Regional da Agerba e Coordenador do Curso de Economia da UEFS.\" \/>\n<meta property=\"og:url\" content=\"https:\/\/glomes.com.br\/tnoticias\/categoria\/descomplica\/\" \/>\n<meta property=\"og:site_name\" content=\"TNot\u00edcias - Not\u00edcias de Feira de Santana\" \/>\n<meta name=\"twitter:card\" content=\"summary_large_image\" \/>\n<script type=\"application\/ld+json\" class=\"yoast-schema-graph\">{\"@context\":\"https:\/\/schema.org\",\"@graph\":[{\"@type\":\"CollectionPage\",\"@id\":\"https:\/\/glomes.com.br\/tnoticias\/categoria\/descomplica\/\",\"url\":\"https:\/\/glomes.com.br\/tnoticias\/categoria\/descomplica\/\",\"name\":\"Descomplica | TNot\u00edcias - Not\u00edcias de Feira de Santana\",\"isPartOf\":{\"@id\":\"https:\/\/glomes.com.br\/tnoticias\/#website\"},\"breadcrumb\":{\"@id\":\"https:\/\/glomes.com.br\/tnoticias\/categoria\/descomplica\/#breadcrumb\"},\"inLanguage\":\"pt-BR\"},{\"@type\":\"BreadcrumbList\",\"@id\":\"https:\/\/glomes.com.br\/tnoticias\/categoria\/descomplica\/#breadcrumb\",\"itemListElement\":[{\"@type\":\"ListItem\",\"position\":1,\"name\":\"In\u00edcio\",\"item\":\"https:\/\/glomes.com.br\/tnoticias\/\"},{\"@type\":\"ListItem\",\"position\":2,\"name\":\"Descomplica\"}]},{\"@type\":\"WebSite\",\"@id\":\"https:\/\/glomes.com.br\/tnoticias\/#website\",\"url\":\"https:\/\/glomes.com.br\/tnoticias\/\",\"name\":\"TNot\u00edcias - Feira de Santana\",\"description\":\"\",\"publisher\":{\"@id\":\"https:\/\/glomes.com.br\/tnoticias\/#organization\"},\"alternateName\":\"TNot\u00edcias\",\"potentialAction\":[{\"@type\":\"SearchAction\",\"target\":{\"@type\":\"EntryPoint\",\"urlTemplate\":\"https:\/\/glomes.com.br\/tnoticias\/?s={search_term_string}\"},\"query-input\":{\"@type\":\"PropertyValueSpecification\",\"valueRequired\":true,\"valueName\":\"search_term_string\"}}],\"inLanguage\":\"pt-BR\"},{\"@type\":\"Organization\",\"@id\":\"https:\/\/glomes.com.br\/tnoticias\/#organization\",\"name\":\"TNot\u00edcias - Feira de Santana\",\"alternateName\":\"TNot\u00edcias\",\"url\":\"https:\/\/glomes.com.br\/tnoticias\/\",\"logo\":{\"@type\":\"ImageObject\",\"inLanguage\":\"pt-BR\",\"@id\":\"https:\/\/glomes.com.br\/tnoticias\/#\/schema\/logo\/image\/\",\"url\":\"https:\/\/glomes.com.br\/wp-content\/uploads\/sites\/21\/2024\/08\/LOGO-TNOTICIAS-seo.jpg\",\"contentUrl\":\"https:\/\/glomes.com.br\/wp-content\/uploads\/sites\/21\/2024\/08\/LOGO-TNOTICIAS-seo.jpg\",\"width\":1200,\"height\":675,\"caption\":\"TNot\u00edcias - Feira de Santana\"},\"image\":{\"@id\":\"https:\/\/glomes.com.br\/tnoticias\/#\/schema\/logo\/image\/\"}}]}<\/script>\n<!-- \/ Yoast SEO plugin. -->","yoast_head_json":{"title":"Descomplica | TNot\u00edcias - Not\u00edcias de Feira de Santana","robots":{"index":"index","follow":"follow","max-snippet":"max-snippet:-1","max-image-preview":"max-image-preview:large","max-video-preview":"max-video-preview:-1"},"canonical":"https:\/\/glomes.com.br\/tnoticias\/categoria\/descomplica\/","og_locale":"pt_BR","og_type":"article","og_title":"Descomplica | TNot\u00edcias - Not\u00edcias de Feira de Santana","og_description":"A coluna Descomplica trar\u00e1 toda semana temas da economia brasileira e internacional \u00e9 assinada por Rosevaldo Ferreira, que \u00e9 economista, professor da Universidade Estadual de Feira de Santana (UEFS), foi Diretor de Tributos da Prefeitura de Feira de Santana, Coordenador de Projetos do Sudic, Auditor Fiscal, Coordenador Regional da Agerba e Coordenador do Curso de Economia da UEFS.","og_url":"https:\/\/glomes.com.br\/tnoticias\/categoria\/descomplica\/","og_site_name":"TNot\u00edcias - Not\u00edcias de Feira de Santana","twitter_card":"summary_large_image","schema":{"@context":"https:\/\/schema.org","@graph":[{"@type":"CollectionPage","@id":"https:\/\/glomes.com.br\/tnoticias\/categoria\/descomplica\/","url":"https:\/\/glomes.com.br\/tnoticias\/categoria\/descomplica\/","name":"Descomplica | TNot\u00edcias - Not\u00edcias de Feira de Santana","isPartOf":{"@id":"https:\/\/glomes.com.br\/tnoticias\/#website"},"breadcrumb":{"@id":"https:\/\/glomes.com.br\/tnoticias\/categoria\/descomplica\/#breadcrumb"},"inLanguage":"pt-BR"},{"@type":"BreadcrumbList","@id":"https:\/\/glomes.com.br\/tnoticias\/categoria\/descomplica\/#breadcrumb","itemListElement":[{"@type":"ListItem","position":1,"name":"In\u00edcio","item":"https:\/\/glomes.com.br\/tnoticias\/"},{"@type":"ListItem","position":2,"name":"Descomplica"}]},{"@type":"WebSite","@id":"https:\/\/glomes.com.br\/tnoticias\/#website","url":"https:\/\/glomes.com.br\/tnoticias\/","name":"TNot\u00edcias - Feira de Santana","description":"","publisher":{"@id":"https:\/\/glomes.com.br\/tnoticias\/#organization"},"alternateName":"TNot\u00edcias","potentialAction":[{"@type":"SearchAction","target":{"@type":"EntryPoint","urlTemplate":"https:\/\/glomes.com.br\/tnoticias\/?s={search_term_string}"},"query-input":{"@type":"PropertyValueSpecification","valueRequired":true,"valueName":"search_term_string"}}],"inLanguage":"pt-BR"},{"@type":"Organization","@id":"https:\/\/glomes.com.br\/tnoticias\/#organization","name":"TNot\u00edcias - Feira de Santana","alternateName":"TNot\u00edcias","url":"https:\/\/glomes.com.br\/tnoticias\/","logo":{"@type":"ImageObject","inLanguage":"pt-BR","@id":"https:\/\/glomes.com.br\/tnoticias\/#\/schema\/logo\/image\/","url":"https:\/\/glomes.com.br\/wp-content\/uploads\/sites\/21\/2024\/08\/LOGO-TNOTICIAS-seo.jpg","contentUrl":"https:\/\/glomes.com.br\/wp-content\/uploads\/sites\/21\/2024\/08\/LOGO-TNOTICIAS-seo.jpg","width":1200,"height":675,"caption":"TNot\u00edcias - Feira de Santana"},"image":{"@id":"https:\/\/glomes.com.br\/tnoticias\/#\/schema\/logo\/image\/"}}]}},"_links":{"self":[{"href":"https:\/\/glomes.com.br\/tnoticias\/wp-json\/wp\/v2\/categories\/51","targetHints":{"allow":["GET"]}}],"collection":[{"href":"https:\/\/glomes.com.br\/tnoticias\/wp-json\/wp\/v2\/categories"}],"about":[{"href":"https:\/\/glomes.com.br\/tnoticias\/wp-json\/wp\/v2\/taxonomies\/category"}],"wp:post_type":[{"href":"https:\/\/glomes.com.br\/tnoticias\/wp-json\/wp\/v2\/posts?categories=51"}],"curies":[{"name":"wp","href":"https:\/\/api.w.org\/{rel}","templated":true}]}}