{"id":53,"count":0,"description":"'Sabores e Saberes' \u00e9 um espa\u00e7o dedicado \u00e0 valoriza\u00e7\u00e3o da culin\u00e1ria afrodiasp\u00f3rica, resgatando ingredientes, t\u00e9cnicas e hist\u00f3rias que comp\u00f5em essa rica tradi\u00e7\u00e3o. Atrav\u00e9s de receitas, reflex\u00f5es e curiosidades, a coluna conecta passado e presente, exaltando a ancestralidade e a diversidade dos insumos nativos.\r\n\r\nMais do que gastronomia, esta \u00e9 uma jornada de identidade, mem\u00f3ria e resist\u00eancia, destacando a contribui\u00e7\u00e3o afrodescendente na constru\u00e7\u00e3o do nosso patrim\u00f4nio alimentar.\r\n\r\nAline Chermoula","link":"https:\/\/glomes.com.br\/tnoticias\/categoria\/sabores-e-saberes","name":"Sabores e Saberes","slug":"sabores-e-saberes","taxonomy":"category","parent":0,"meta":[],"acf":[],"yoast_head":"<!-- This site is optimized with the Yoast SEO plugin v25.8 - https:\/\/yoast.com\/wordpress\/plugins\/seo\/ -->\n<title>Sabores e Saberes | TNot\u00edcias - Not\u00edcias de Feira de Santana<\/title>\n<meta name=\"robots\" content=\"index, follow, max-snippet:-1, max-image-preview:large, max-video-preview:-1\" \/>\n<link rel=\"canonical\" href=\"https:\/\/glomes.com.br\/tnoticias\/categoria\/sabores-e-saberes\/\" \/>\n<meta property=\"og:locale\" content=\"pt_BR\" \/>\n<meta property=\"og:type\" content=\"article\" \/>\n<meta property=\"og:title\" content=\"Sabores e Saberes | TNot\u00edcias - Not\u00edcias de Feira de Santana\" \/>\n<meta property=\"og:description\" content=\"&#8216;Sabores e Saberes&#8217; \u00e9 um espa\u00e7o dedicado \u00e0 valoriza\u00e7\u00e3o da culin\u00e1ria afrodiasp\u00f3rica, resgatando ingredientes, t\u00e9cnicas e hist\u00f3rias que comp\u00f5em essa rica tradi\u00e7\u00e3o. Atrav\u00e9s de receitas, reflex\u00f5es e curiosidades, a coluna conecta passado e presente, exaltando a ancestralidade e a diversidade dos insumos nativos. Mais do que gastronomia, esta \u00e9 uma jornada de identidade, mem\u00f3ria e resist\u00eancia, destacando a contribui\u00e7\u00e3o afrodescendente na constru\u00e7\u00e3o do nosso patrim\u00f4nio alimentar. Aline Chermoula\" \/>\n<meta property=\"og:url\" content=\"https:\/\/glomes.com.br\/tnoticias\/categoria\/sabores-e-saberes\/\" \/>\n<meta property=\"og:site_name\" content=\"TNot\u00edcias - Not\u00edcias de Feira de Santana\" \/>\n<meta name=\"twitter:card\" content=\"summary_large_image\" \/>\n<script type=\"application\/ld+json\" class=\"yoast-schema-graph\">{\"@context\":\"https:\/\/schema.org\",\"@graph\":[{\"@type\":\"CollectionPage\",\"@id\":\"https:\/\/glomes.com.br\/tnoticias\/categoria\/sabores-e-saberes\/\",\"url\":\"https:\/\/glomes.com.br\/tnoticias\/categoria\/sabores-e-saberes\/\",\"name\":\"Sabores e Saberes | TNot\u00edcias - Not\u00edcias de Feira de Santana\",\"isPartOf\":{\"@id\":\"https:\/\/glomes.com.br\/tnoticias\/#website\"},\"breadcrumb\":{\"@id\":\"https:\/\/glomes.com.br\/tnoticias\/categoria\/sabores-e-saberes\/#breadcrumb\"},\"inLanguage\":\"pt-BR\"},{\"@type\":\"BreadcrumbList\",\"@id\":\"https:\/\/glomes.com.br\/tnoticias\/categoria\/sabores-e-saberes\/#breadcrumb\",\"itemListElement\":[{\"@type\":\"ListItem\",\"position\":1,\"name\":\"In\u00edcio\",\"item\":\"https:\/\/glomes.com.br\/tnoticias\/\"},{\"@type\":\"ListItem\",\"position\":2,\"name\":\"Sabores e Saberes\"}]},{\"@type\":\"WebSite\",\"@id\":\"https:\/\/glomes.com.br\/tnoticias\/#website\",\"url\":\"https:\/\/glomes.com.br\/tnoticias\/\",\"name\":\"TNot\u00edcias - Feira de Santana\",\"description\":\"\",\"publisher\":{\"@id\":\"https:\/\/glomes.com.br\/tnoticias\/#organization\"},\"alternateName\":\"TNot\u00edcias\",\"potentialAction\":[{\"@type\":\"SearchAction\",\"target\":{\"@type\":\"EntryPoint\",\"urlTemplate\":\"https:\/\/glomes.com.br\/tnoticias\/?s={search_term_string}\"},\"query-input\":{\"@type\":\"PropertyValueSpecification\",\"valueRequired\":true,\"valueName\":\"search_term_string\"}}],\"inLanguage\":\"pt-BR\"},{\"@type\":\"Organization\",\"@id\":\"https:\/\/glomes.com.br\/tnoticias\/#organization\",\"name\":\"TNot\u00edcias - Feira de Santana\",\"alternateName\":\"TNot\u00edcias\",\"url\":\"https:\/\/glomes.com.br\/tnoticias\/\",\"logo\":{\"@type\":\"ImageObject\",\"inLanguage\":\"pt-BR\",\"@id\":\"https:\/\/glomes.com.br\/tnoticias\/#\/schema\/logo\/image\/\",\"url\":\"https:\/\/glomes.com.br\/wp-content\/uploads\/sites\/21\/2024\/08\/LOGO-TNOTICIAS-seo.jpg\",\"contentUrl\":\"https:\/\/glomes.com.br\/wp-content\/uploads\/sites\/21\/2024\/08\/LOGO-TNOTICIAS-seo.jpg\",\"width\":1200,\"height\":675,\"caption\":\"TNot\u00edcias - Feira de Santana\"},\"image\":{\"@id\":\"https:\/\/glomes.com.br\/tnoticias\/#\/schema\/logo\/image\/\"}}]}<\/script>\n<!-- \/ Yoast SEO plugin. -->","yoast_head_json":{"title":"Sabores e Saberes | TNot\u00edcias - Not\u00edcias de Feira de Santana","robots":{"index":"index","follow":"follow","max-snippet":"max-snippet:-1","max-image-preview":"max-image-preview:large","max-video-preview":"max-video-preview:-1"},"canonical":"https:\/\/glomes.com.br\/tnoticias\/categoria\/sabores-e-saberes\/","og_locale":"pt_BR","og_type":"article","og_title":"Sabores e Saberes | TNot\u00edcias - Not\u00edcias de Feira de Santana","og_description":"&#8216;Sabores e Saberes&#8217; \u00e9 um espa\u00e7o dedicado \u00e0 valoriza\u00e7\u00e3o da culin\u00e1ria afrodiasp\u00f3rica, resgatando ingredientes, t\u00e9cnicas e hist\u00f3rias que comp\u00f5em essa rica tradi\u00e7\u00e3o. Atrav\u00e9s de receitas, reflex\u00f5es e curiosidades, a coluna conecta passado e presente, exaltando a ancestralidade e a diversidade dos insumos nativos. Mais do que gastronomia, esta \u00e9 uma jornada de identidade, mem\u00f3ria e resist\u00eancia, destacando a contribui\u00e7\u00e3o afrodescendente na constru\u00e7\u00e3o do nosso patrim\u00f4nio alimentar. Aline Chermoula","og_url":"https:\/\/glomes.com.br\/tnoticias\/categoria\/sabores-e-saberes\/","og_site_name":"TNot\u00edcias - Not\u00edcias de Feira de Santana","twitter_card":"summary_large_image","schema":{"@context":"https:\/\/schema.org","@graph":[{"@type":"CollectionPage","@id":"https:\/\/glomes.com.br\/tnoticias\/categoria\/sabores-e-saberes\/","url":"https:\/\/glomes.com.br\/tnoticias\/categoria\/sabores-e-saberes\/","name":"Sabores e Saberes | TNot\u00edcias - Not\u00edcias de Feira de Santana","isPartOf":{"@id":"https:\/\/glomes.com.br\/tnoticias\/#website"},"breadcrumb":{"@id":"https:\/\/glomes.com.br\/tnoticias\/categoria\/sabores-e-saberes\/#breadcrumb"},"inLanguage":"pt-BR"},{"@type":"BreadcrumbList","@id":"https:\/\/glomes.com.br\/tnoticias\/categoria\/sabores-e-saberes\/#breadcrumb","itemListElement":[{"@type":"ListItem","position":1,"name":"In\u00edcio","item":"https:\/\/glomes.com.br\/tnoticias\/"},{"@type":"ListItem","position":2,"name":"Sabores e Saberes"}]},{"@type":"WebSite","@id":"https:\/\/glomes.com.br\/tnoticias\/#website","url":"https:\/\/glomes.com.br\/tnoticias\/","name":"TNot\u00edcias - Feira de Santana","description":"","publisher":{"@id":"https:\/\/glomes.com.br\/tnoticias\/#organization"},"alternateName":"TNot\u00edcias","potentialAction":[{"@type":"SearchAction","target":{"@type":"EntryPoint","urlTemplate":"https:\/\/glomes.com.br\/tnoticias\/?s={search_term_string}"},"query-input":{"@type":"PropertyValueSpecification","valueRequired":true,"valueName":"search_term_string"}}],"inLanguage":"pt-BR"},{"@type":"Organization","@id":"https:\/\/glomes.com.br\/tnoticias\/#organization","name":"TNot\u00edcias - Feira de Santana","alternateName":"TNot\u00edcias","url":"https:\/\/glomes.com.br\/tnoticias\/","logo":{"@type":"ImageObject","inLanguage":"pt-BR","@id":"https:\/\/glomes.com.br\/tnoticias\/#\/schema\/logo\/image\/","url":"https:\/\/glomes.com.br\/wp-content\/uploads\/sites\/21\/2024\/08\/LOGO-TNOTICIAS-seo.jpg","contentUrl":"https:\/\/glomes.com.br\/wp-content\/uploads\/sites\/21\/2024\/08\/LOGO-TNOTICIAS-seo.jpg","width":1200,"height":675,"caption":"TNot\u00edcias - Feira de Santana"},"image":{"@id":"https:\/\/glomes.com.br\/tnoticias\/#\/schema\/logo\/image\/"}}]}},"_links":{"self":[{"href":"https:\/\/glomes.com.br\/tnoticias\/wp-json\/wp\/v2\/categories\/53","targetHints":{"allow":["GET"]}}],"collection":[{"href":"https:\/\/glomes.com.br\/tnoticias\/wp-json\/wp\/v2\/categories"}],"about":[{"href":"https:\/\/glomes.com.br\/tnoticias\/wp-json\/wp\/v2\/taxonomies\/category"}],"wp:post_type":[{"href":"https:\/\/glomes.com.br\/tnoticias\/wp-json\/wp\/v2\/posts?categories=53"}],"curies":[{"name":"wp","href":"https:\/\/api.w.org\/{rel}","templated":true}]}}